{"id":828,"date":"2016-11-22T20:03:22","date_gmt":"2016-11-22T20:03:22","guid":{"rendered":"http:\/\/dev.alvarezyasociados.com\/clinica-alvarez\/?p=828"},"modified":"2018-06-11T10:26:26","modified_gmt":"2018-06-11T10:26:26","slug":"no-me-pidas-la-luna-caso-4","status":"publish","type":"post","link":"https:\/\/www.alvarezyasociados.com\/home\/?p=828","title":{"rendered":"No me pidas la Luna \u2013 Caso 4"},"content":{"rendered":"<p class=\"p1\"><span class=\"s1\">\u00a1Buenas y fr\u00edas noches a tod@s! Hoy vamos a hablar de los implantes de\u00a0<b>silicona<\/b>, sustancia que se comenz\u00f3 a usar en cirug\u00eda en los a\u00f1os 60 para aumento mamario. Muchos cambios han acontecido en su fabricaci\u00f3n y usos desde entonces, pasando incluso por \u00e9pocas en las que estuvo prohibido su uso en algunos pa\u00edses y tambi\u00e9n ciertos a\u00f1os en que se inyect\u00f3 libremente bajo la piel, en estado l\u00edquido.<\/span><\/p>\n<p class=\"p1\"><span class=\"s1\">A d\u00eda de hoy est\u00e1 totalmente proscrito su uso en forma de<b>\u00a0l\u00edquido o de gel<\/b>inyectados, utiliz\u00e1ndose exclusivamente implantes en los que un gel de silicona, m\u00e1s o menos\u00a0<b>cohesivo<\/b>, es albergado dentro de una\u00a0<b>cubierta<\/b>, a lo que denominamos\u00a0<b>implante<\/b>.<\/span><\/p>\n<p class=\"p1\"><img decoding=\"async\" class=\"size-full wp-image-214 alignleft\" src=\"https:\/\/clinicaalvarezyasociados.files.wordpress.com\/2016\/11\/captura-de-pantalla-2016-11-22-a-las-22-06-01.png?w=702\" sizes=\"(max-width: 472px) 100vw, 472px\" srcset=\"https:\/\/clinicaalvarezyasociados.files.wordpress.com\/2016\/11\/captura-de-pantalla-2016-11-22-a-las-22-06-01.png 472w, https:\/\/clinicaalvarezyasociados.files.wordpress.com\/2016\/11\/captura-de-pantalla-2016-11-22-a-las-22-06-01.png?w=150 150w, https:\/\/clinicaalvarezyasociados.files.wordpress.com\/2016\/11\/captura-de-pantalla-2016-11-22-a-las-22-06-01.png?w=300 300w\" alt=\"captura-de-pantalla-2016-11-22-a-las-22-06-01\" data-attachment-id=\"214\" data-permalink=\"https:\/\/clinicaalvarezyasociados.wordpress.com\/2016\/11\/22\/no-me-pidas-la-luna-caso-4\/captura-de-pantalla-2016-11-22-a-las-22-06-01\/\" data-orig-file=\"https:\/\/clinicaalvarezyasociados.files.wordpress.com\/2016\/11\/captura-de-pantalla-2016-11-22-a-las-22-06-01.png?w=702\" data-orig-size=\"472,221\" data-comments-opened=\"1\" data-image-meta=\"{&quot;aperture&quot;:&quot;0&quot;,&quot;credit&quot;:&quot;&quot;,&quot;camera&quot;:&quot;&quot;,&quot;caption&quot;:&quot;&quot;,&quot;created_timestamp&quot;:&quot;0&quot;,&quot;copyright&quot;:&quot;&quot;,&quot;focal_length&quot;:&quot;0&quot;,&quot;iso&quot;:&quot;0&quot;,&quot;shutter_speed&quot;:&quot;0&quot;,&quot;title&quot;:&quot;&quot;,&quot;orientation&quot;:&quot;0&quot;}\" data-image-title=\"captura-de-pantalla-2016-11-22-a-las-22-06-01\" data-image-description=\"\" data-medium-file=\"https:\/\/clinicaalvarezyasociados.files.wordpress.com\/2016\/11\/captura-de-pantalla-2016-11-22-a-las-22-06-01.png?w=702?w=300\" data-large-file=\"https:\/\/clinicaalvarezyasociados.files.wordpress.com\/2016\/11\/captura-de-pantalla-2016-11-22-a-las-22-06-01.png?w=702?w=472\" \/><\/p>\n<p class=\"p1\"><span class=\"s1\">Tras muchos estudios durante todas estas d\u00e9cadas de uso quir\u00fargico, se ha determinado su\u00a0<b>inocuidad<\/b>\u00a0para el organismo siempre que se presente en forma de implantes recubiertos, y sus usos son tanto est\u00e9ticos como\u00a0<span class=\"skimlinks-unlinked\">reconstructivos.Se<\/span>\u00a0trata de un\u00a0<strong>pol\u00edmero sint\u00e9tico<\/strong>\u00a0que es bien\u00a0<b>tolerado\u00a0<\/b>por los tejidos, creando una c\u00e1psula alrededor que la deja aislada de la circulaci\u00f3n del resto de nuestro organismo.<\/span><\/p>\n<p class=\"p1\"><span class=\"s1\">Muchos solo piensan en estos implantes como pr\u00f3tesis mamarias, tanto de forma redonda como anat\u00f3mica (las llamadas \u201c<strong>en l\u00e1grima<\/strong>\u201d por su forma), pero la realidad es que son<b>\u00a0ampliamente usadas<\/b>\u00a0en zonas como\u00a0<strong>gl\u00fateos, gemelos, biceps, abdominales, pectorales, escrotales, peneanas<\/strong>; tamb\u00eden tiene usos\u00a0<b>faciales\u00a0<\/b>como ment\u00f3n o p\u00f3mulos, para su aumento o configuraci\u00f3n, entre otras.<\/span><\/p>\n<p class=\"p1\"><span class=\"s1\">Como cualquier material implantado, pensemos por ejemplo en las pr\u00f3tesis de cadera o rodilla, tienen un desgaste y un envejecimiento, si bien se deterioran menos que un implante que reemplaza una articulaci\u00f3n, pues los de silicona se colocan en zonas blandas, habitualmente bajo un m\u00fasculo y no deben soportar grandes presiones. A\u00fan as\u00ed, debemos seguir una vigilancia mediante<b>\u00a0revisiones m\u00e9dicas peri\u00f3dicas\u00a0<\/b>cuando somos portadores de cualquier tipo de implante, detectando cuanto antes si ha existido una rotura o cualquier otro problema relativo al desgaste para poder proceder, quir\u00fargicamente, a su sustituci\u00f3n.<\/span><\/p>\n<p class=\"p1\"><span class=\"s1\">Como vemos, su uso modifica los vol\u00famenes, proporcionando una\u00a0<b>mejor\u00eda de los contornos<\/b>, corporales o faciales, unas veces para mejorar nuestra antom\u00eda porque nos parece m\u00e1s est\u00e9tico y otras para solucionar un defecto tras un accidente o un defecto de nacimiento o ciertas asimetr\u00edas.<\/span><\/p>\n<p class=\"p1\"><span class=\"s1\">En resumen, usando implantes de silicona me puedes pedir :<\/span><\/p>\n<ul>\n<li class=\"p1\"><span class=\"s1\">Que mejore la forma de tus\u00a0<strong>gl\u00fateos , tus biceps, o tus abdominales<\/strong>, pareciendo m\u00e1s musculados ,pero no vas a tener m\u00e1s fuerza en esos m\u00fasculos.\u00a0<\/span><\/li>\n<\/ul>\n<p><img loading=\"lazy\" decoding=\"async\" class=\"wp-image-218 alignnone\" src=\"https:\/\/clinicaalvarezyasociados.files.wordpress.com\/2016\/11\/8dc762f3474c8bd03527ccb83e6b9b58.jpg?w=157&amp;h=221\" sizes=\"auto, (max-width: 157px) 100vw, 157px\" srcset=\"https:\/\/clinicaalvarezyasociados.files.wordpress.com\/2016\/11\/8dc762f3474c8bd03527ccb83e6b9b58.jpg?w=157&amp;h=221 157w, https:\/\/clinicaalvarezyasociados.files.wordpress.com\/2016\/11\/8dc762f3474c8bd03527ccb83e6b9b58.jpg?w=106&amp;h=150 106w, https:\/\/clinicaalvarezyasociados.files.wordpress.com\/2016\/11\/8dc762f3474c8bd03527ccb83e6b9b58.jpg 236w\" alt=\"8dc762f3474c8bd03527ccb83e6b9b58\" width=\"157\" height=\"221\" data-attachment-id=\"218\" data-permalink=\"https:\/\/clinicaalvarezyasociados.wordpress.com\/2016\/11\/22\/no-me-pidas-la-luna-caso-4\/8dc762f3474c8bd03527ccb83e6b9b58\/\" data-orig-file=\"https:\/\/clinicaalvarezyasociados.files.wordpress.com\/2016\/11\/8dc762f3474c8bd03527ccb83e6b9b58.jpg?w=157&amp;h=221\" data-orig-size=\"236,333\" data-comments-opened=\"1\" data-image-meta=\"{&quot;aperture&quot;:&quot;0&quot;,&quot;credit&quot;:&quot;&quot;,&quot;camera&quot;:&quot;&quot;,&quot;caption&quot;:&quot;&quot;,&quot;created_timestamp&quot;:&quot;0&quot;,&quot;copyright&quot;:&quot;&quot;,&quot;focal_length&quot;:&quot;0&quot;,&quot;iso&quot;:&quot;0&quot;,&quot;shutter_speed&quot;:&quot;0&quot;,&quot;title&quot;:&quot;&quot;,&quot;orientation&quot;:&quot;0&quot;}\" data-image-title=\"8dc762f3474c8bd03527ccb83e6b9b58\" data-image-description=\"\" data-medium-file=\"https:\/\/clinicaalvarezyasociados.files.wordpress.com\/2016\/11\/8dc762f3474c8bd03527ccb83e6b9b58.jpg?w=157&amp;h=221?w=213\" data-large-file=\"https:\/\/clinicaalvarezyasociados.files.wordpress.com\/2016\/11\/8dc762f3474c8bd03527ccb83e6b9b58.jpg?w=157&amp;h=221?w=236\" \/><\/p>\n<ul>\n<li class=\"p1\">Que tu pecho sea de un\u00a0<strong>volumen m\u00e1s equilibrado<\/strong>\u00a0con tu constituci\u00f3n f\u00edsica, pero no me pidas una talla de \u201cpel\u00edcula\u201d porque est\u00e9 de moda.<\/li>\n<\/ul>\n<p><img loading=\"lazy\" decoding=\"async\" class=\"wp-image-222 alignnone\" src=\"https:\/\/clinicaalvarezyasociados.files.wordpress.com\/2016\/11\/b46c870943239ee166807f3197aa6f06.jpg?w=187&amp;h=232\" sizes=\"auto, (max-width: 187px) 100vw, 187px\" srcset=\"https:\/\/clinicaalvarezyasociados.files.wordpress.com\/2016\/11\/b46c870943239ee166807f3197aa6f06.jpg?w=187&amp;h=232 187w, https:\/\/clinicaalvarezyasociados.files.wordpress.com\/2016\/11\/b46c870943239ee166807f3197aa6f06.jpg?w=374&amp;h=464 374w, https:\/\/clinicaalvarezyasociados.files.wordpress.com\/2016\/11\/b46c870943239ee166807f3197aa6f06.jpg?w=121&amp;h=150 121w, https:\/\/clinicaalvarezyasociados.files.wordpress.com\/2016\/11\/b46c870943239ee166807f3197aa6f06.jpg?w=242&amp;h=300 242w\" alt=\"b46c870943239ee166807f3197aa6f06\" width=\"187\" height=\"232\" data-attachment-id=\"222\" data-permalink=\"https:\/\/clinicaalvarezyasociados.wordpress.com\/2016\/11\/22\/no-me-pidas-la-luna-caso-4\/b46c870943239ee166807f3197aa6f06\/\" data-orig-file=\"https:\/\/clinicaalvarezyasociados.files.wordpress.com\/2016\/11\/b46c870943239ee166807f3197aa6f06.jpg?w=187&amp;h=232\" data-orig-size=\"515,639\" data-comments-opened=\"1\" data-image-meta=\"{&quot;aperture&quot;:&quot;0&quot;,&quot;credit&quot;:&quot;&quot;,&quot;camera&quot;:&quot;&quot;,&quot;caption&quot;:&quot;&quot;,&quot;created_timestamp&quot;:&quot;0&quot;,&quot;copyright&quot;:&quot;&quot;,&quot;focal_length&quot;:&quot;0&quot;,&quot;iso&quot;:&quot;0&quot;,&quot;shutter_speed&quot;:&quot;0&quot;,&quot;title&quot;:&quot;&quot;,&quot;orientation&quot;:&quot;0&quot;}\" data-image-title=\"b46c870943239ee166807f3197aa6f06\" data-image-description=\"\" data-medium-file=\"https:\/\/clinicaalvarezyasociados.files.wordpress.com\/2016\/11\/b46c870943239ee166807f3197aa6f06.jpg?w=187&amp;h=232?w=242\" data-large-file=\"https:\/\/clinicaalvarezyasociados.files.wordpress.com\/2016\/11\/b46c870943239ee166807f3197aa6f06.jpg?w=187&amp;h=232?w=515\" \/><\/p>\n<ul>\n<li class=\"p1\">Que\u00a0<strong>tu barbilla sea m\u00e1s arm\u00f3nica<\/strong>\u00a0y tus p\u00f3mulos m\u00e1s \u201cfrescos\u201d, pero no me pidas ser una \u201cBarbie\u201d o un \u201cKen\u201d.<\/li>\n<\/ul>\n<p><img loading=\"lazy\" decoding=\"async\" class=\"wp-image-225 alignnone\" src=\"https:\/\/clinicaalvarezyasociados.files.wordpress.com\/2016\/11\/b674e2242b9ce03126ff68f7e5e3bb5e.jpg?w=201&amp;h=292\" sizes=\"auto, (max-width: 201px) 100vw, 201px\" srcset=\"https:\/\/clinicaalvarezyasociados.files.wordpress.com\/2016\/11\/b674e2242b9ce03126ff68f7e5e3bb5e.jpg?w=201&amp;h=292 201w, https:\/\/clinicaalvarezyasociados.files.wordpress.com\/2016\/11\/b674e2242b9ce03126ff68f7e5e3bb5e.jpg?w=402&amp;h=584 402w, https:\/\/clinicaalvarezyasociados.files.wordpress.com\/2016\/11\/b674e2242b9ce03126ff68f7e5e3bb5e.jpg?w=103&amp;h=150 103w, https:\/\/clinicaalvarezyasociados.files.wordpress.com\/2016\/11\/b674e2242b9ce03126ff68f7e5e3bb5e.jpg?w=207&amp;h=300 207w\" alt=\"b674e2242b9ce03126ff68f7e5e3bb5e\" width=\"201\" height=\"292\" data-attachment-id=\"225\" data-permalink=\"https:\/\/clinicaalvarezyasociados.wordpress.com\/2016\/11\/22\/no-me-pidas-la-luna-caso-4\/b674e2242b9ce03126ff68f7e5e3bb5e\/\" data-orig-file=\"https:\/\/clinicaalvarezyasociados.files.wordpress.com\/2016\/11\/b674e2242b9ce03126ff68f7e5e3bb5e.jpg?w=201&amp;h=292\" data-orig-size=\"564,819\" data-comments-opened=\"1\" data-image-meta=\"{&quot;aperture&quot;:&quot;0&quot;,&quot;credit&quot;:&quot;&quot;,&quot;camera&quot;:&quot;&quot;,&quot;caption&quot;:&quot;&quot;,&quot;created_timestamp&quot;:&quot;0&quot;,&quot;copyright&quot;:&quot;&quot;,&quot;focal_length&quot;:&quot;0&quot;,&quot;iso&quot;:&quot;0&quot;,&quot;shutter_speed&quot;:&quot;0&quot;,&quot;title&quot;:&quot;&quot;,&quot;orientation&quot;:&quot;0&quot;}\" data-image-title=\"b674e2242b9ce03126ff68f7e5e3bb5e\" data-image-description=\"\" data-medium-file=\"https:\/\/clinicaalvarezyasociados.files.wordpress.com\/2016\/11\/b674e2242b9ce03126ff68f7e5e3bb5e.jpg?w=201&amp;h=292?w=207\" data-large-file=\"https:\/\/clinicaalvarezyasociados.files.wordpress.com\/2016\/11\/b674e2242b9ce03126ff68f7e5e3bb5e.jpg?w=201&amp;h=292?w=564\" \/><\/p>\n<ul>\n<li class=\"p1\">Que te coloque\u00a0<strong>implantes de buena calidad<\/strong>\u00a0y que hayan pasado todos los\u00a0<strong>controles de las autoridades sanitarias<\/strong>, pero no que sean para toda la vida, sin revisiones, y baratos.<\/li>\n<\/ul>\n<p><img loading=\"lazy\" decoding=\"async\" class=\"wp-image-228 alignnone\" src=\"https:\/\/clinicaalvarezyasociados.files.wordpress.com\/2016\/11\/culo-implante-cirugia_estetica-horrores_de_la_cirugia_estetica_mdsima20121129_0159_33.jpg?w=287&amp;h=161\" sizes=\"auto, (max-width: 287px) 100vw, 287px\" srcset=\"https:\/\/clinicaalvarezyasociados.files.wordpress.com\/2016\/11\/culo-implante-cirugia_estetica-horrores_de_la_cirugia_estetica_mdsima20121129_0159_33.jpg?w=287&amp;h=161 287w, https:\/\/clinicaalvarezyasociados.files.wordpress.com\/2016\/11\/culo-implante-cirugia_estetica-horrores_de_la_cirugia_estetica_mdsima20121129_0159_33.jpg?w=574&amp;h=322 574w, https:\/\/clinicaalvarezyasociados.files.wordpress.com\/2016\/11\/culo-implante-cirugia_estetica-horrores_de_la_cirugia_estetica_mdsima20121129_0159_33.jpg?w=150&amp;h=84 150w, https:\/\/clinicaalvarezyasociados.files.wordpress.com\/2016\/11\/culo-implante-cirugia_estetica-horrores_de_la_cirugia_estetica_mdsima20121129_0159_33.jpg?w=300&amp;h=168 300w\" alt=\"culo-implante-cirugia_estetica-horrores_de_la_cirugia_estetica_mdsima20121129_0159_33\" width=\"287\" height=\"161\" data-attachment-id=\"228\" data-permalink=\"https:\/\/clinicaalvarezyasociados.wordpress.com\/2016\/11\/22\/no-me-pidas-la-luna-caso-4\/culo-implante-cirugia_estetica-horrores_de_la_cirugia_estetica_mdsima20121129_0159_33\/\" data-orig-file=\"https:\/\/clinicaalvarezyasociados.files.wordpress.com\/2016\/11\/culo-implante-cirugia_estetica-horrores_de_la_cirugia_estetica_mdsima20121129_0159_33.jpg?w=287&amp;h=161\" data-orig-size=\"980,549\" data-comments-opened=\"1\" data-image-meta=\"{&quot;aperture&quot;:&quot;0&quot;,&quot;credit&quot;:&quot;&quot;,&quot;camera&quot;:&quot;&quot;,&quot;caption&quot;:&quot;&quot;,&quot;created_timestamp&quot;:&quot;0&quot;,&quot;copyright&quot;:&quot;&quot;,&quot;focal_length&quot;:&quot;0&quot;,&quot;iso&quot;:&quot;0&quot;,&quot;shutter_speed&quot;:&quot;0&quot;,&quot;title&quot;:&quot;&quot;,&quot;orientation&quot;:&quot;0&quot;}\" data-image-title=\"culo-implante-cirugia_estetica-horrores_de_la_cirugia_estetica_mdsima20121129_0159_33\" data-image-description=\"\" data-medium-file=\"https:\/\/clinicaalvarezyasociados.files.wordpress.com\/2016\/11\/culo-implante-cirugia_estetica-horrores_de_la_cirugia_estetica_mdsima20121129_0159_33.jpg?w=287&amp;h=161?w=300\" data-large-file=\"https:\/\/clinicaalvarezyasociados.files.wordpress.com\/2016\/11\/culo-implante-cirugia_estetica-horrores_de_la_cirugia_estetica_mdsima20121129_0159_33.jpg?w=287&amp;h=161?w=702\" \/><\/p>\n<p class=\"p1\"><strong><span class=\"s1\">Que te mejore las alteraciones que puedas tener en tus contornos, \u00a1pero no que te devuelva a tu expareja!.<\/span><\/strong><\/p>\n<p class=\"p1\"><strong><span class=\"s1\">No me pidas la Luna \u2013\u00a0<em>Dra.\u00c1lvarez<\/em><\/span><\/strong><\/p>\n","protected":false},"excerpt":{"rendered":"<p>\u00a1Buenas y fr\u00edas noches a tod@s! Hoy vamos a hablar de los implantes de\u00a0silicona, sustancia que se comenz\u00f3 a usar en cirug\u00eda en los a\u00f1os 60 para aumento mamario. Muchos cambios han acontecido en su fabricaci\u00f3n y usos desde entonces, pasando incluso por \u00e9pocas en las que estuvo prohibido su uso en algunos pa\u00edses y [&hellip;]<\/p>\n","protected":false},"author":1,"featured_media":829,"comment_status":"closed","ping_status":"closed","sticky":false,"template":"","format":"standard","meta":{"footnotes":""},"categories":[58,54,59,71,42,57,70,55,74,56],"tags":[],"class_list":["post-828","post","type-post","status-publish","format-standard","has-post-thumbnail","hentry","category-aumento-mamario","category-ciencia-medicina-y-salud","category-cirugia-corporal","category-cirugia-plastica","category-estetica-corporal","category-implante","category-informacion","category-no-me-pidas-la-luna","category-pideuncirujanoplastico","category-silicona"],"_links":{"self":[{"href":"https:\/\/www.alvarezyasociados.com\/home\/index.php?rest_route=\/wp\/v2\/posts\/828","targetHints":{"allow":["GET"]}}],"collection":[{"href":"https:\/\/www.alvarezyasociados.com\/home\/index.php?rest_route=\/wp\/v2\/posts"}],"about":[{"href":"https:\/\/www.alvarezyasociados.com\/home\/index.php?rest_route=\/wp\/v2\/types\/post"}],"author":[{"embeddable":true,"href":"https:\/\/www.alvarezyasociados.com\/home\/index.php?rest_route=\/wp\/v2\/users\/1"}],"replies":[{"embeddable":true,"href":"https:\/\/www.alvarezyasociados.com\/home\/index.php?rest_route=%2Fwp%2Fv2%2Fcomments&post=828"}],"version-history":[{"count":3,"href":"https:\/\/www.alvarezyasociados.com\/home\/index.php?rest_route=\/wp\/v2\/posts\/828\/revisions"}],"predecessor-version":[{"id":844,"href":"https:\/\/www.alvarezyasociados.com\/home\/index.php?rest_route=\/wp\/v2\/posts\/828\/revisions\/844"}],"wp:featuredmedia":[{"embeddable":true,"href":"https:\/\/www.alvarezyasociados.com\/home\/index.php?rest_route=\/wp\/v2\/media\/829"}],"wp:attachment":[{"href":"https:\/\/www.alvarezyasociados.com\/home\/index.php?rest_route=%2Fwp%2Fv2%2Fmedia&parent=828"}],"wp:term":[{"taxonomy":"category","embeddable":true,"href":"https:\/\/www.alvarezyasociados.com\/home\/index.php?rest_route=%2Fwp%2Fv2%2Fcategories&post=828"},{"taxonomy":"post_tag","embeddable":true,"href":"https:\/\/www.alvarezyasociados.com\/home\/index.php?rest_route=%2Fwp%2Fv2%2Ftags&post=828"}],"curies":[{"name":"wp","href":"https:\/\/api.w.org\/{rel}","templated":true}]}}