{"id":838,"date":"2016-12-22T20:09:17","date_gmt":"2016-12-22T20:09:17","guid":{"rendered":"http:\/\/dev.alvarezyasociados.com\/clinica-alvarez\/?p=838"},"modified":"2018-06-07T11:40:52","modified_gmt":"2018-06-07T11:40:52","slug":"cirugia-menor-ambulatoria","status":"publish","type":"post","link":"https:\/\/www.alvarezyasociados.com\/home\/?p=838","title":{"rendered":"Cirug\u00eda Menor Ambulatoria"},"content":{"rendered":"<p class=\"p1\"><span class=\"s1\">La<b>\u00a0Cirug\u00eda Menor Ambulatoria<\/b>\u00a0se define como un conjunto de\u00a0<b>intervenciones quir\u00fargica<\/b>s u otras intervenciones sencillas, de corta duraci\u00f3n, realizadas sobre tejidos superficiales y accesibles, que habitualmente requieren<b>\u00a0anestesia local<\/b>\u00a0y presentan un escaso n\u00famero de complicaciones postoperatorias y tras las cuales no es necesario un ingreso hospitalario.<\/span><\/p>\n<p class=\"p1\"><span class=\"s1\">Son<b>\u00a0cirug\u00edas sencillas<\/b>, no requieren una preparaci\u00f3n previa ni tienen lista de espera. Muchas puede que no est\u00e9n contempladas en la oferta del sistema nacional de salud, como la correcci\u00f3n de l\u00f3bulos rasgados, o la extirpaci\u00f3n de peque\u00f1as verruguitas en el cuello, pero es uno de los trabajos que m\u00e1s tiempo nos ocupa en la labor diaria.<\/span><\/p>\n<p class=\"p1\"><span class=\"s1\">Son muchas cosas las que se pueden hacer dentro de esta denominaci\u00f3n, y os explicar\u00e9 un poco m\u00e1s detallado. Son lesiones que se pueden extirpar mediante cirug\u00eda y cerrar con unos<b>\u00a0pocos puntos de sutura<\/b>\u00a0(es el m\u00e9todo de elecci\u00f3n cuando queremos enviar las muestras a analizar porque puede tratarse de una lesi\u00f3n maligna), o bien se pueden destruir con\u00a0<b>bistur\u00ed el\u00e9ctrico<\/b>, criocirug\u00eda o<b>l\u00e1ser deCO2.<\/b>\u00a0Las curas postoperatorias que el paciente deber\u00e1 realizar a diario en casa son el simple lavado de la herida con agua y jab\u00f3n y la aplicaci\u00f3n de una pomada antibi\u00f3tica sobre la herida.<\/span><\/p>\n<p class=\"p1\"><img loading=\"lazy\" decoding=\"async\" class=\"wp-image-306 alignleft\" src=\"https:\/\/clinicaalvarezyasociados.files.wordpress.com\/2016\/12\/img-20161222-wa0025-copia.jpg?w=360&amp;h=481\" sizes=\"auto, (max-width: 360px) 100vw, 360px\" srcset=\"https:\/\/clinicaalvarezyasociados.files.wordpress.com\/2016\/12\/img-20161222-wa0025-copia.jpg?w=360&amp;h=481 360w, https:\/\/clinicaalvarezyasociados.files.wordpress.com\/2016\/12\/img-20161222-wa0025-copia.jpg?w=720&amp;h=960 720w, https:\/\/clinicaalvarezyasociados.files.wordpress.com\/2016\/12\/img-20161222-wa0025-copia.jpg?w=113&amp;h=150 113w, https:\/\/clinicaalvarezyasociados.files.wordpress.com\/2016\/12\/img-20161222-wa0025-copia.jpg?w=225&amp;h=300 225w\" alt=\"img-20161222-wa0025-copia\" width=\"360\" height=\"481\" data-attachment-id=\"306\" data-permalink=\"https:\/\/clinicaalvarezyasociados.wordpress.com\/2016\/12\/22\/cirugia-menor-ambulatoria\/img-20161222-wa0025-copia\/\" data-orig-file=\"https:\/\/clinicaalvarezyasociados.files.wordpress.com\/2016\/12\/img-20161222-wa0025-copia.jpg\" data-orig-size=\"1200,1600\" data-comments-opened=\"1\" data-image-meta=\"{&quot;aperture&quot;:&quot;0&quot;,&quot;credit&quot;:&quot;&quot;,&quot;camera&quot;:&quot;&quot;,&quot;caption&quot;:&quot;&quot;,&quot;created_timestamp&quot;:&quot;0&quot;,&quot;copyright&quot;:&quot;&quot;,&quot;focal_length&quot;:&quot;0&quot;,&quot;iso&quot;:&quot;0&quot;,&quot;shutter_speed&quot;:&quot;0&quot;,&quot;title&quot;:&quot;&quot;,&quot;orientation&quot;:&quot;1&quot;}\" data-image-title=\"img-20161222-wa0025-copia\" data-image-description=\"\" data-medium-file=\"https:\/\/clinicaalvarezyasociados.files.wordpress.com\/2016\/12\/img-20161222-wa0025-copia.jpg?w=225\" data-large-file=\"https:\/\/clinicaalvarezyasociados.files.wordpress.com\/2016\/12\/img-20161222-wa0025-copia.jpg?w=702\" \/><\/p>\n<p class=\"p1\"><span class=\"s1\">Peque\u00f1os\u00a0<b>tumores cut\u00e1neos<\/b>, desde nevus (lo que llamamos lunares), verrugas, fibromas y dem\u00e1s imperfecciones, durezas y deformidades de la piel, queratosis, manchas solares, histiocitomas\u2026\u00a0<\/span><\/p>\n<p class=\"p1\"><span class=\"s1\">Defectos y tumores m\u00e1s o menos superficiales, como pueden ser<b>\u00a0lipomas<\/b>,\u00a0<b>quistes<\/b>\u00a0seb\u00e1ceos, lobanillos, u\u00f1as encarnadas, cuerpos extra\u00f1os, papilomas\u2026<\/span><\/p>\n<p class=\"p1\"><span class=\"s1\">Cirug\u00eda de\u00a0<b>zonas inest\u00e9ticas<\/b>\u00a0,como el exceso cut\u00e1neo de los\u00a0<b>p\u00e1rpados<\/b>superiores, xantelasmas (ac\u00famulos de colesterol bajo la piel de los p\u00e1rpados),\u00a0<b>cejas<\/b>\u00a0muy ca\u00eddas,\u00a0\u00a0<b>l\u00f3bulos<\/b>\u00a0rasgados de las orejas, peque\u00f1os\u00a0<b>tatuajes<\/b>,\u00a0<b>cicatrices<\/b>inest\u00e9ticas , peque\u00f1os quistes en los<b>\u00a0labios<\/b>,\u00a0<b>angiomas<\/b>, dilataciones venosas,\u00a0 correcci\u00f3n de dilataciones y piercings, pezones invertidos, areolas de gran tama\u00f1o,<b>\u00a0cirug\u00eda \u00edntima.<\/b><\/span><\/p>\n<p class=\"p1\"><span class=\"s1\">La cirug\u00eda menor se realiza siempre en una\u00a0<b>sala quir\u00fargica especial<\/b>, con todas las medidas de asepsia y esterilidad propias de este tipo de salas quir\u00fargicas, y disponiendo siempre de medidas de emergencia.<\/span><\/p>\n<p class=\"p1\"><em>Dra.\u00c1lvarez<\/em><\/p>\n<p>&nbsp;<\/p>\n<p>&nbsp;<\/p>\n<p>&nbsp;<\/p>\n<p>&nbsp;<\/p>\n<p>&nbsp;<\/p>\n<p>&nbsp;<\/p>\n<p>&nbsp;<\/p>\n<p><em><strong>\u00a0 \u00a0 \u00a0 \u00a0 \u00a0 \u00a0 \u00a0 \u00a0 \u00a0 \u00a0 \u00a0 \u00a0 \u00a0 \u00a0 \u00a0<\/strong><\/em><\/p>\n","protected":false},"excerpt":{"rendered":"<p>La\u00a0Cirug\u00eda Menor Ambulatoria\u00a0se define como un conjunto de\u00a0intervenciones quir\u00fargicas u otras intervenciones sencillas, de corta duraci\u00f3n, realizadas sobre tejidos superficiales y accesibles, que habitualmente requieren\u00a0anestesia local\u00a0y presentan un escaso n\u00famero de complicaciones postoperatorias y tras las cuales no es necesario un ingreso hospitalario. Son\u00a0cirug\u00edas sencillas, no requieren una preparaci\u00f3n previa ni tienen lista de espera. [&hellip;]<\/p>\n","protected":false},"author":1,"featured_media":1177,"comment_status":"closed","ping_status":"closed","sticky":false,"template":"","format":"standard","meta":{"footnotes":""},"categories":[49,50,51,48,40,70,43,47],"tags":[],"class_list":["post-838","post","type-post","status-publish","format-standard","has-post-thumbnail","hentry","category-bisturi-electrico","category-cirugia-facial","category-cirugia-intima","category-cirugia-menor-ambulatoria","category-estetica","category-informacion","category-laser","category-piel"],"_links":{"self":[{"href":"https:\/\/www.alvarezyasociados.com\/home\/index.php?rest_route=\/wp\/v2\/posts\/838","targetHints":{"allow":["GET"]}}],"collection":[{"href":"https:\/\/www.alvarezyasociados.com\/home\/index.php?rest_route=\/wp\/v2\/posts"}],"about":[{"href":"https:\/\/www.alvarezyasociados.com\/home\/index.php?rest_route=\/wp\/v2\/types\/post"}],"author":[{"embeddable":true,"href":"https:\/\/www.alvarezyasociados.com\/home\/index.php?rest_route=\/wp\/v2\/users\/1"}],"replies":[{"embeddable":true,"href":"https:\/\/www.alvarezyasociados.com\/home\/index.php?rest_route=%2Fwp%2Fv2%2Fcomments&post=838"}],"version-history":[{"count":3,"href":"https:\/\/www.alvarezyasociados.com\/home\/index.php?rest_route=\/wp\/v2\/posts\/838\/revisions"}],"predecessor-version":[{"id":842,"href":"https:\/\/www.alvarezyasociados.com\/home\/index.php?rest_route=\/wp\/v2\/posts\/838\/revisions\/842"}],"wp:featuredmedia":[{"embeddable":true,"href":"https:\/\/www.alvarezyasociados.com\/home\/index.php?rest_route=\/wp\/v2\/media\/1177"}],"wp:attachment":[{"href":"https:\/\/www.alvarezyasociados.com\/home\/index.php?rest_route=%2Fwp%2Fv2%2Fmedia&parent=838"}],"wp:term":[{"taxonomy":"category","embeddable":true,"href":"https:\/\/www.alvarezyasociados.com\/home\/index.php?rest_route=%2Fwp%2Fv2%2Fcategories&post=838"},{"taxonomy":"post_tag","embeddable":true,"href":"https:\/\/www.alvarezyasociados.com\/home\/index.php?rest_route=%2Fwp%2Fv2%2Ftags&post=838"}],"curies":[{"name":"wp","href":"https:\/\/api.w.org\/{rel}","templated":true}]}}