{"id":845,"date":"2017-01-23T20:36:15","date_gmt":"2017-01-23T20:36:15","guid":{"rendered":"http:\/\/dev.alvarezyasociados.com\/clinica-alvarez\/?p=845"},"modified":"2018-06-07T11:35:03","modified_gmt":"2018-06-07T11:35:03","slug":"piel-sensible-al-frio","status":"publish","type":"post","link":"https:\/\/www.alvarezyasociados.com\/home\/?p=845","title":{"rendered":"Piel Sensible al Fr\u00edo"},"content":{"rendered":"<p class=\"p1\"><span class=\"s1\">Cada piel es un mundo y son muchos los factores, externos e internos, que pueden producir alteraciones cut\u00e1neas. En estas \u00e9pocas del a\u00f1o tan fr\u00edas en estas latitudes, son las pieles m\u00e1s claras, finas y sensibles las que sufren\u00a0<strong>inestetismos<\/strong>\u00a0derivados de las\u00a0<strong>inclemencias meteorol\u00f3gicas.<\/strong><\/span><\/p>\n<p class=\"p1\"><span class=\"s1\">Vamos a hablar en concreto de esas zonas rosadas en las mejillas que llamamos\u00a0<strong>cuperosis.<\/strong>\u00a0Se trata de un problema est\u00e9tico muy extendido en Galicia, tanto en hombres como en mujeres, aunque al tratarse de una alteraci\u00f3n meramente est\u00e9tica, son m\u00e1s las mujeres quienes consultan.<\/span><\/p>\n<p class=\"p1\"><span class=\"s1\">Se debe a una\u00a0<strong>reacci\u00f3n vascular<\/strong>\u00a0ante los cambios bruscos de temperatura, sufriendo\u00a0<strong>dilataciones venosas<\/strong>\u00a0cada vez que se pasa de un\u00a0<strong>ambiente muy fr\u00edo a otro c\u00e1lido<\/strong>, y que, al ocurrir de forma repetitiva, acaba convirti\u00e9ndose en un entramado rojizo permanente que se aprecia en nuestras mejillas. Es m\u00e1s evidente en\u00a0<strong>pieles muy claras y finas<\/strong>, lo que llamamos\u00a0<strong>hiperreactivas<\/strong>, con tendencia a la\u00a0<strong>desecaci\u00f3n y descamaci\u00f3n<\/strong>, sufriendo este problema desde bien j\u00f3venes, pero es en la madurez cuando estas dilataciones quedan de forma permanente y se producen m\u00e1s consultas al respecto.<\/span><\/p>\n<p class=\"p1\"><span class=\"s1\">Recalcar que\u00a0<strong>no es ninguna enfermedad<\/strong>, tan solo una forma de comportarse ante determinadas circunstancias de este tipo de piel. Esto quiere decir que no solo el paso del fr\u00edo al calor produce estas dilataciones de las venas;\u00a0<strong>tambi\u00e9n cambios internos de temperatura (sofocos por fiebre, menopausia, alteraciones hormonales, exposici\u00f3n a radiaci\u00f3n ultravioleta, emocionales -rubor-) y agentes externos, como ciertas comidas y bebidas, llevan a este resultado.<\/strong><\/span><\/p>\n<p class=\"p1\"><span class=\"s1\">Es importante la prevenci\u00f3n de las pieles sensibles para evitar su aparici\u00f3n, como es el\u00a0<strong>uso de cremas hidratantes<\/strong>, de efecto \u201cbarrera\u201d, con principios activos\u00a0<strong>calmantes<\/strong>, incluso con ligeras\u00a0<strong>tinciones verdosas<\/strong>\u00a0para asociar el efecto maquillaje, y la\u00a0<strong>fotoprotecci\u00f3n<\/strong>\u00a0(en invierno el sol sigue emitiendo radiaci\u00f3n ultravioleta).<\/span><\/p>\n<p class=\"p1\"><span class=\"s1\">Una vez ya establecidas las dilataciones venosas y esa apariencia de l\u00edneas violetas y rojas por la cara, el tratamiento se basa en la\u00a0<strong>eliminaci\u00f3n de esas venas dilatadas<\/strong>. El\u00a0<strong>l\u00e1ser<\/strong>\u00a0es, en la actualidad, el tratamiento de elecci\u00f3n par conseguir este prop\u00f3sito, pues es el m\u00e9todo m\u00e1s efectivo y con menos efectos indeseables.<\/span><\/p>\n<p class=\"p1\"><span class=\"s1\"><strong>No debemos confundir esta alteraci\u00f3n<\/strong>\u00a0con otras rojeces faciales como son las debidas a la\u00a0<strong>ros\u00e1cea (acn\u00e9 ros\u00e1cea)<\/strong>\u00a0que se acompa\u00f1a de granos con contenido purulento y que se tratan con antibi\u00f3ticos.<\/span><\/p>\n<p class=\"p1\"><span class=\"s1\">Por \u00faltimo, no nos olvidaremos de\u00a0<strong>proteger tambi\u00e9n los labios y las orejas del fr\u00edo<\/strong>, que agrietan los primeros por desecaci\u00f3n y provocan la aparici\u00f3n de saba\u00f1ones en las orejas (y manos), debiendo usar hidratantes con protecci\u00f3n solar como prevenci\u00f3n. As\u00ed mismo,\u00a0<strong>otras pieles sensibles al fr\u00edo invernal<\/strong>\u00a0son aquellas que sufren de procesos descamativos como las\u00a0<strong>dermatitis at\u00f3picas y seborreicas<\/strong>, por lo que tambi\u00e9n deberemos esmerar su protecci\u00f3n en estos meses.<\/span><\/p>\n<p class=\"p1\"><img loading=\"lazy\" decoding=\"async\" class=\"alignnone size-full wp-image-335\" src=\"https:\/\/clinicaalvarezyasociados.files.wordpress.com\/2017\/01\/i-am-so-shy.gif?w=330\" srcset=\"https:\/\/clinicaalvarezyasociados.files.wordpress.com\/2017\/01\/i-am-so-shy.gif?w=330&amp;zoom=2 2x\" alt=\"i-am-so-shy\" width=\"330\" height=\"330\" data-attachment-id=\"335\" data-permalink=\"https:\/\/clinicaalvarezyasociados.wordpress.com\/2017\/01\/23\/piel-sensible-al-frio\/i-am-so-shy\/\" data-orig-file=\"https:\/\/clinicaalvarezyasociados.files.wordpress.com\/2017\/01\/i-am-so-shy.gif?w=702\" data-orig-size=\"330,330\" data-comments-opened=\"1\" data-image-meta=\"{&quot;aperture&quot;:&quot;0&quot;,&quot;credit&quot;:&quot;&quot;,&quot;camera&quot;:&quot;&quot;,&quot;caption&quot;:&quot;&quot;,&quot;created_timestamp&quot;:&quot;0&quot;,&quot;copyright&quot;:&quot;&quot;,&quot;focal_length&quot;:&quot;0&quot;,&quot;iso&quot;:&quot;0&quot;,&quot;shutter_speed&quot;:&quot;0&quot;,&quot;title&quot;:&quot;&quot;,&quot;orientation&quot;:&quot;0&quot;}\" data-image-title=\"i-am-so-shy\" data-image-description=\"\" data-medium-file=\"https:\/\/clinicaalvarezyasociados.files.wordpress.com\/2017\/01\/i-am-so-shy.gif?w=702?w=300\" data-large-file=\"https:\/\/clinicaalvarezyasociados.files.wordpress.com\/2017\/01\/i-am-so-shy.gif?w=702?w=330\" \/><\/p>\n","protected":false},"excerpt":{"rendered":"<p>Cada piel es un mundo y son muchos los factores, externos e internos, que pueden producir alteraciones cut\u00e1neas. En estas \u00e9pocas del a\u00f1o tan fr\u00edas en estas latitudes, son las pieles m\u00e1s claras, finas y sensibles las que sufren\u00a0inestetismos\u00a0derivados de las\u00a0inclemencias meteorol\u00f3gicas. Vamos a hablar en concreto de esas zonas rosadas en las mejillas que [&hellip;]<\/p>\n","protected":false},"author":1,"featured_media":846,"comment_status":"closed","ping_status":"closed","sticky":false,"template":"","format":"standard","meta":{"footnotes":""},"categories":[46,40,42,41,70,47,27],"tags":[],"class_list":["post-845","post","type-post","status-publish","format-standard","has-post-thumbnail","hentry","category-consejos-y-recomendaciones","category-estetica","category-estetica-corporal","category-estetica-facial","category-informacion","category-piel","category-tratamientos"],"_links":{"self":[{"href":"https:\/\/www.alvarezyasociados.com\/home\/index.php?rest_route=\/wp\/v2\/posts\/845","targetHints":{"allow":["GET"]}}],"collection":[{"href":"https:\/\/www.alvarezyasociados.com\/home\/index.php?rest_route=\/wp\/v2\/posts"}],"about":[{"href":"https:\/\/www.alvarezyasociados.com\/home\/index.php?rest_route=\/wp\/v2\/types\/post"}],"author":[{"embeddable":true,"href":"https:\/\/www.alvarezyasociados.com\/home\/index.php?rest_route=\/wp\/v2\/users\/1"}],"replies":[{"embeddable":true,"href":"https:\/\/www.alvarezyasociados.com\/home\/index.php?rest_route=%2Fwp%2Fv2%2Fcomments&post=845"}],"version-history":[{"count":1,"href":"https:\/\/www.alvarezyasociados.com\/home\/index.php?rest_route=\/wp\/v2\/posts\/845\/revisions"}],"predecessor-version":[{"id":847,"href":"https:\/\/www.alvarezyasociados.com\/home\/index.php?rest_route=\/wp\/v2\/posts\/845\/revisions\/847"}],"wp:featuredmedia":[{"embeddable":true,"href":"https:\/\/www.alvarezyasociados.com\/home\/index.php?rest_route=\/wp\/v2\/media\/846"}],"wp:attachment":[{"href":"https:\/\/www.alvarezyasociados.com\/home\/index.php?rest_route=%2Fwp%2Fv2%2Fmedia&parent=845"}],"wp:term":[{"taxonomy":"category","embeddable":true,"href":"https:\/\/www.alvarezyasociados.com\/home\/index.php?rest_route=%2Fwp%2Fv2%2Fcategories&post=845"},{"taxonomy":"post_tag","embeddable":true,"href":"https:\/\/www.alvarezyasociados.com\/home\/index.php?rest_route=%2Fwp%2Fv2%2Ftags&post=845"}],"curies":[{"name":"wp","href":"https:\/\/api.w.org\/{rel}","templated":true}]}}