{"id":854,"date":"2017-03-09T20:18:35","date_gmt":"2017-03-09T20:18:35","guid":{"rendered":"http:\/\/dev.alvarezyasociados.com\/clinica-alvarez\/?p=854"},"modified":"2018-06-07T11:29:49","modified_gmt":"2018-06-07T11:29:49","slug":"correccion-de-cicatrices","status":"publish","type":"post","link":"https:\/\/www.alvarezyasociados.com\/home\/?p=854","title":{"rendered":"Correcci\u00f3n de Cicatrices"},"content":{"rendered":"<p class=\"p1\"><span class=\"s1\">\u00a1Este es el mes de la\u00a0<strong>Correcci\u00f3n de Cicatrices<\/strong>!.<\/span><\/p>\n<p class=\"p1\"><span class=\"s1\">Y no, no es una oferta ni promoci\u00f3n. Marzo es el mes del a\u00f1o en que m\u00e1s pacientes acuden demandando la correcci\u00f3n de cicatrices antiguas, por ning\u00fan motivo en especial, solo coincidencia.<\/span><\/p>\n<p class=\"p1\"><span class=\"s1\">Las cicatrices<\/span><strong><span class=\"s2\">\u00a0no se pueden borrar<\/span><\/strong><span class=\"s1\">, pero s\u00ed se consiguen correcciones que puedan parecerlo. Hablamos de correcciones tanto<\/span><strong><span class=\"s2\">\u00a0funcionales<\/span><\/strong><span class=\"s1\">\u00a0(cicatrices retr\u00e1ctiles, dolorosas, induradas y abultadas) como\u00a0<\/span><strong><span class=\"s2\">est\u00e9ticas<\/span><\/strong><span class=\"s1\">\u00a0(cicatrices muy visibles pero que no producen alteraciones ni molestias). Las m\u00e1s t\u00edpicas son las ocurridas tras<\/span><strong><span class=\"s2\">\u00a0accidentes de tr\u00e1fico<\/span><\/strong><span class=\"s1\">, pero otras muchas son derivadas de alguna cirug\u00eda, como\u00a0<\/span><strong><span class=\"s2\">apendicectom\u00edas\u00a0<\/span><span class=\"s1\">o\u00a0<\/span><span class=\"s2\">ces\u00e1reas<\/span><\/strong><span class=\"s1\">.<\/span><\/p>\n<p class=\"p1\"><span class=\"s1\">Cuando las cicatrices crecen provocando picor, son abultadas y rojas y dolorosas al roce, hablamos de<\/span>\u00a0<strong>queloides<\/strong><span class=\"s1\">, que son tumores benignos de las cicatrices. Muchas veces podemos\u00a0<strong>tratarlas sin cirug\u00eda<\/strong>, mediante\u00a0<strong>l\u00e1minas y cremas de silicona<\/strong>, que las reducen, o\u00a0<strong>infiltrando corticoides en su grosor<\/strong>.<\/span><\/p>\n","protected":false},"excerpt":{"rendered":"<p>\u00a1Este es el mes de la\u00a0Correcci\u00f3n de Cicatrices!. Y no, no es una oferta ni promoci\u00f3n. Marzo es el mes del a\u00f1o en que m\u00e1s pacientes acuden demandando la correcci\u00f3n de cicatrices antiguas, por ning\u00fan motivo en especial, solo coincidencia. Las cicatrices\u00a0no se pueden borrar, pero s\u00ed se consiguen correcciones que puedan parecerlo. Hablamos de [&hellip;]<\/p>\n","protected":false},"author":1,"featured_media":855,"comment_status":"closed","ping_status":"closed","sticky":false,"template":"","format":"standard","meta":{"footnotes":""},"categories":[38,39,42,41,47,27],"tags":[],"class_list":["post-854","post","type-post","status-publish","format-standard","has-post-thumbnail","hentry","category-cicatrices","category-cicatriz-queloide","category-estetica-corporal","category-estetica-facial","category-piel","category-tratamientos"],"_links":{"self":[{"href":"https:\/\/www.alvarezyasociados.com\/home\/index.php?rest_route=\/wp\/v2\/posts\/854","targetHints":{"allow":["GET"]}}],"collection":[{"href":"https:\/\/www.alvarezyasociados.com\/home\/index.php?rest_route=\/wp\/v2\/posts"}],"about":[{"href":"https:\/\/www.alvarezyasociados.com\/home\/index.php?rest_route=\/wp\/v2\/types\/post"}],"author":[{"embeddable":true,"href":"https:\/\/www.alvarezyasociados.com\/home\/index.php?rest_route=\/wp\/v2\/users\/1"}],"replies":[{"embeddable":true,"href":"https:\/\/www.alvarezyasociados.com\/home\/index.php?rest_route=%2Fwp%2Fv2%2Fcomments&post=854"}],"version-history":[{"count":1,"href":"https:\/\/www.alvarezyasociados.com\/home\/index.php?rest_route=\/wp\/v2\/posts\/854\/revisions"}],"predecessor-version":[{"id":856,"href":"https:\/\/www.alvarezyasociados.com\/home\/index.php?rest_route=\/wp\/v2\/posts\/854\/revisions\/856"}],"wp:featuredmedia":[{"embeddable":true,"href":"https:\/\/www.alvarezyasociados.com\/home\/index.php?rest_route=\/wp\/v2\/media\/855"}],"wp:attachment":[{"href":"https:\/\/www.alvarezyasociados.com\/home\/index.php?rest_route=%2Fwp%2Fv2%2Fmedia&parent=854"}],"wp:term":[{"taxonomy":"category","embeddable":true,"href":"https:\/\/www.alvarezyasociados.com\/home\/index.php?rest_route=%2Fwp%2Fv2%2Fcategories&post=854"},{"taxonomy":"post_tag","embeddable":true,"href":"https:\/\/www.alvarezyasociados.com\/home\/index.php?rest_route=%2Fwp%2Fv2%2Ftags&post=854"}],"curies":[{"name":"wp","href":"https:\/\/api.w.org\/{rel}","templated":true}]}}